{"id":907,"date":"2021-09-24T18:52:52","date_gmt":"2021-09-24T16:52:52","guid":{"rendered":"https:\/\/lukasboehm.de\/?p=907"},"modified":"2021-10-01T13:38:00","modified_gmt":"2021-10-01T11:38:00","slug":"stadtkarten-zu-mobilitaetskonzepten","status":"publish","type":"post","link":"https:\/\/lukasboehm.de\/en\/stadtkarten-zu-mobilitaetskonzepten\/","title":{"rendered":"City maps for green mobility concepts"},"content":{"rendered":"<div data-elementor-type=\"wp-post\" data-elementor-id=\"907\" class=\"elementor elementor-907\" data-elementor-post-type=\"post\">\n\t\t\t\t\t\t<section class=\"elementor-section elementor-top-section elementor-element elementor-element-e209dbb elementor-section-boxed elementor-section-height-default elementor-section-height-default\" data-id=\"e209dbb\" data-element_type=\"section\" data-e-type=\"section\">\n\t\t\t\t\t\t<div class=\"elementor-container elementor-column-gap-default\">\n\t\t\t\t\t<div class=\"elementor-column elementor-col-100 elementor-top-column elementor-element elementor-element-395146b\" data-id=\"395146b\" data-element_type=\"column\" data-e-type=\"column\">\n\t\t\t<div class=\"elementor-widget-wrap elementor-element-populated\">\n\t\t\t\t\t\t<div class=\"elementor-element elementor-element-6bb412e elementor-widget elementor-widget-text-editor\" data-id=\"6bb412e\" data-element_type=\"widget\" data-e-type=\"widget\" data-widget_type=\"text-editor.default\">\n\t\t\t\t<div class=\"elementor-widget-container\">\n\t\t\t\t\t\t\t\t\t<p>Die Stadtkarten wurden f\u00fcr verschiedene Wahlkampfveranstaltungen genutzt. Die Texte waren gr\u00f6\u00dftenteils vorgegeben, ich habe nur stilistische Anpassungen vorgenommen. Die Grafiken habe ich als Vektorgrafiken erstellt, damit so viel Inhalt auf so kleinem Raum Platz findet.<\/p><p>Ich danke allen Beteiligten f\u00fcr die sehr angenehme Zusammenarbeit!<\/p>\t\t\t\t\t\t\t\t<\/div>\n\t\t\t\t<\/div>\n\t\t\t\t<div class=\"elementor-element elementor-element-e0420e9 elementor-widget elementor-widget-gallery\" data-id=\"e0420e9\" data-element_type=\"widget\" data-e-type=\"widget\" data-settings=\"{&quot;columns&quot;:2,&quot;aspect_ratio&quot;:&quot;1:1&quot;,&quot;lazyload&quot;:&quot;yes&quot;,&quot;gallery_layout&quot;:&quot;grid&quot;,&quot;columns_tablet&quot;:2,&quot;columns_mobile&quot;:1,&quot;gap&quot;:{&quot;unit&quot;:&quot;px&quot;,&quot;size&quot;:10,&quot;sizes&quot;:[]},&quot;gap_tablet&quot;:{&quot;unit&quot;:&quot;px&quot;,&quot;size&quot;:10,&quot;sizes&quot;:[]},&quot;gap_mobile&quot;:{&quot;unit&quot;:&quot;px&quot;,&quot;size&quot;:10,&quot;sizes&quot;:[]},&quot;link_to&quot;:&quot;file&quot;,&quot;overlay_background&quot;:&quot;yes&quot;,&quot;content_hover_animation&quot;:&quot;fade-in&quot;}\" data-widget_type=\"gallery.default\">\n\t\t\t\t<div class=\"elementor-widget-container\">\n\t\t\t\t\t\t\t<div class=\"elementor-gallery__container\">\n\t\t\t\t\t\t\t<a class=\"e-gallery-item elementor-gallery-item elementor-animated-content\" href=\"https:\/\/lukasboehm.de\/wp-content\/uploads\/2021\/09\/KarteSpeyerFinal.jpg\" data-elementor-open-lightbox=\"yes\" data-elementor-lightbox-slideshow=\"e0420e9\" data-elementor-lightbox-title=\"KarteSpeyerFinal\" data-e-action-hash=\"#elementor-action%3Aaction%3Dlightbox%26settings%3DeyJpZCI6OTEyLCJ1cmwiOiJodHRwczpcL1wvbHVrYXNib2VobS5kZVwvd3AtY29udGVudFwvdXBsb2Fkc1wvMjAyMVwvMDlcL0thcnRlU3BleWVyRmluYWwuanBnIiwic2xpZGVzaG93IjoiZTA0MjBlOSJ9\">\n\t\t\t\t\t<div class=\"e-gallery-image elementor-gallery-item__image\" data-thumbnail=\"https:\/\/lukasboehm.de\/wp-content\/uploads\/2021\/09\/KarteSpeyerFinal.jpg\" data-width=\"800\" data-height=\"566\" aria-label=\"\" role=\"img\" ><\/div>\n\t\t\t\t\t\t\t\t\t\t\t<div class=\"elementor-gallery-item__overlay\"><\/div>\n\t\t\t\t\t\t\t\t\t\t\t\t\t\t<\/a>\n\t\t\t\t\t\t\t<a class=\"e-gallery-item elementor-gallery-item elementor-animated-content\" href=\"https:\/\/lukasboehm.de\/wp-content\/uploads\/2021\/09\/KarteNeustadt.jpg\" data-elementor-open-lightbox=\"yes\" data-elementor-lightbox-slideshow=\"e0420e9\" data-elementor-lightbox-title=\"KarteNeustadt\" data-e-action-hash=\"#elementor-action%3Aaction%3Dlightbox%26settings%3DeyJpZCI6OTEzLCJ1cmwiOiJodHRwczpcL1wvbHVrYXNib2VobS5kZVwvd3AtY29udGVudFwvdXBsb2Fkc1wvMjAyMVwvMDlcL0thcnRlTmV1c3RhZHQuanBnIiwic2xpZGVzaG93IjoiZTA0MjBlOSJ9\">\n\t\t\t\t\t<div class=\"e-gallery-image elementor-gallery-item__image\" data-thumbnail=\"https:\/\/lukasboehm.de\/wp-content\/uploads\/2021\/09\/KarteNeustadt.jpg\" data-width=\"800\" data-height=\"566\" aria-label=\"\" role=\"img\" ><\/div>\n\t\t\t\t\t\t\t\t\t\t\t<div class=\"elementor-gallery-item__overlay\"><\/div>\n\t\t\t\t\t\t\t\t\t\t\t\t\t\t<\/a>\n\t\t\t\t\t\t\t<a class=\"e-gallery-item elementor-gallery-item elementor-animated-content\" href=\"https:\/\/lukasboehm.de\/wp-content\/uploads\/2021\/09\/nibelungenbruecke.png\" data-elementor-open-lightbox=\"yes\" data-elementor-lightbox-slideshow=\"e0420e9\" data-elementor-lightbox-title=\"Nibelungenbruecke\" data-e-action-hash=\"#elementor-action%3Aaction%3Dlightbox%26settings%3DeyJpZCI6OTE1LCJ1cmwiOiJodHRwczpcL1wvbHVrYXNib2VobS5kZVwvd3AtY29udGVudFwvdXBsb2Fkc1wvMjAyMVwvMDlcL25pYmVsdW5nZW5icnVlY2tlLnBuZyIsInNsaWRlc2hvdyI6ImUwNDIwZTkifQ%3D%3D\">\n\t\t\t\t\t<div class=\"e-gallery-image elementor-gallery-item__image\" data-thumbnail=\"https:\/\/lukasboehm.de\/wp-content\/uploads\/2021\/09\/nibelungenbruecke-690x1024.png\" data-width=\"690\" data-height=\"1024\" aria-label=\"\" role=\"img\" ><\/div>\n\t\t\t\t\t\t\t\t\t\t\t<div class=\"elementor-gallery-item__overlay\"><\/div>\n\t\t\t\t\t\t\t\t\t\t\t\t\t\t<\/a>\n\t\t\t\t\t\t\t<a class=\"e-gallery-item elementor-gallery-item elementor-animated-content\" href=\"https:\/\/lukasboehm.de\/wp-content\/uploads\/2021\/09\/slice2.png\" data-elementor-open-lightbox=\"yes\" data-elementor-lightbox-slideshow=\"e0420e9\" data-elementor-lightbox-title=\"Saalbau\" data-e-action-hash=\"#elementor-action%3Aaction%3Dlightbox%26settings%3DeyJpZCI6OTE2LCJ1cmwiOiJodHRwczpcL1wvbHVrYXNib2VobS5kZVwvd3AtY29udGVudFwvdXBsb2Fkc1wvMjAyMVwvMDlcL3NsaWNlMi5wbmciLCJzbGlkZXNob3ciOiJlMDQyMGU5In0%3D\">\n\t\t\t\t\t<div class=\"e-gallery-image elementor-gallery-item__image\" data-thumbnail=\"https:\/\/lukasboehm.de\/wp-content\/uploads\/2021\/09\/slice2-1024x553.png\" data-width=\"800\" data-height=\"432\" aria-label=\"\" role=\"img\" ><\/div>\n\t\t\t\t\t\t\t\t\t\t\t<div class=\"elementor-gallery-item__overlay\"><\/div>\n\t\t\t\t\t\t\t\t\t\t\t\t\t\t<\/a>\n\t\t\t\t\t<\/div>\n\t\t\t\t\t<\/div>\n\t\t\t\t<\/div>\n\t\t\t\t\t<\/div>\n\t\t<\/div>\n\t\t\t\t\t<\/div>\n\t\t<\/section>\n\t\t\t\t<\/div>","protected":false},"excerpt":{"rendered":"<p>Die Stadtkarten wurden f\u00fcr verschiedene Wahlkampfveranstaltungen genutzt. Die Texte waren gr\u00f6\u00dftenteils vorgegeben, ich habe nur stilistische Anpassungen vorgenommen. Die Grafiken habe ich als Vektorgrafiken erstellt, damit so viel Inhalt auf [&hellip;]<\/p>\n","protected":false},"author":1,"featured_media":909,"comment_status":"open","ping_status":"open","sticky":false,"template":"","format":"standard","meta":{"_acf_changed":false,"_price":"","_stock":"","_tribe_ticket_header":"","_tribe_default_ticket_provider":"","_tribe_ticket_capacity":"0","_ticket_start_date":"","_ticket_end_date":"","_tribe_ticket_show_description":"","_tribe_ticket_show_not_going":false,"_tribe_ticket_use_global_stock":"","_tribe_ticket_global_stock_level":"","_global_stock_mode":"","_global_stock_cap":"","_tribe_rsvp_for_event":"","_tribe_ticket_going_count":"","_tribe_ticket_not_going_count":"","_tribe_tickets_list":"[]","_tribe_ticket_has_attendee_info_fields":false,"footnotes":""},"categories":[8],"tags":[],"class_list":["post-907","post","type-post","status-publish","format-standard","has-post-thumbnail","hentry","category-auftraege"],"acf":[],"yoast_head":"<!-- This site is optimized with the Yoast SEO plugin v27.4 - https:\/\/yoast.com\/product\/yoast-seo-wordpress\/ -->\n<title>Stadtkarten zu Mobilit\u00e4tskonzepten - Lukas B\u00f6hm<\/title>\n<meta name=\"robots\" content=\"index, follow, max-snippet:-1, max-image-preview:large, max-video-preview:-1\" \/>\n<link rel=\"canonical\" href=\"https:\/\/lukasboehm.de\/en\/stadtkarten-zu-mobilitaetskonzepten\/\" \/>\n<meta property=\"og:locale\" content=\"en_GB\" \/>\n<meta property=\"og:type\" content=\"article\" \/>\n<meta property=\"og:title\" content=\"Stadtkarten zu Mobilit\u00e4tskonzepten - Lukas B\u00f6hm\" \/>\n<meta property=\"og:description\" content=\"Die Stadtkarten wurden f\u00fcr verschiedene Wahlkampfveranstaltungen genutzt. Die Texte waren gr\u00f6\u00dftenteils vorgegeben, ich habe nur stilistische Anpassungen vorgenommen. Die Grafiken habe ich als Vektorgrafiken erstellt, damit so viel Inhalt auf [&hellip;]\" \/>\n<meta property=\"og:url\" content=\"https:\/\/lukasboehm.de\/en\/stadtkarten-zu-mobilitaetskonzepten\/\" \/>\n<meta property=\"og:site_name\" content=\"Lukas B\u00f6hm\" \/>\n<meta property=\"article:published_time\" content=\"2021-09-24T16:52:52+00:00\" \/>\n<meta property=\"article:modified_time\" content=\"2021-10-01T11:38:00+00:00\" \/>\n<meta property=\"og:image\" content=\"https:\/\/lukasboehm.de\/wp-content\/uploads\/2021\/09\/KarteWorms.jpg\" \/>\n\t<meta property=\"og:image:width\" content=\"1200\" \/>\n\t<meta property=\"og:image:height\" content=\"855\" \/>\n\t<meta property=\"og:image:type\" content=\"image\/jpeg\" \/>\n<meta name=\"author\" content=\"lukas\" \/>\n<meta name=\"twitter:card\" content=\"summary_large_image\" \/>\n<meta name=\"twitter:label1\" content=\"Written by\" \/>\n\t<meta name=\"twitter:data1\" content=\"lukas\" \/>\n<script type=\"application\/ld+json\" class=\"yoast-schema-graph\">{\"@context\":\"https:\\\/\\\/schema.org\",\"@graph\":[{\"@type\":\"Article\",\"@id\":\"https:\\\/\\\/lukasboehm.de\\\/en\\\/stadtkarten-zu-mobilitaetskonzepten\\\/#article\",\"isPartOf\":{\"@id\":\"https:\\\/\\\/lukasboehm.de\\\/en\\\/stadtkarten-zu-mobilitaetskonzepten\\\/\"},\"author\":{\"name\":\"lukas\",\"@id\":\"https:\\\/\\\/lukasboehm.de\\\/#\\\/schema\\\/person\\\/249f1dfe921297f82fe6f0f42c777fe1\"},\"headline\":\"Stadtkarten zu Mobilit\u00e4tskonzepten\",\"datePublished\":\"2021-09-24T16:52:52+00:00\",\"dateModified\":\"2021-10-01T11:38:00+00:00\",\"mainEntityOfPage\":{\"@id\":\"https:\\\/\\\/lukasboehm.de\\\/en\\\/stadtkarten-zu-mobilitaetskonzepten\\\/\"},\"wordCount\":51,\"commentCount\":0,\"publisher\":{\"@id\":\"https:\\\/\\\/lukasboehm.de\\\/#\\\/schema\\\/person\\\/249f1dfe921297f82fe6f0f42c777fe1\"},\"image\":{\"@id\":\"https:\\\/\\\/lukasboehm.de\\\/en\\\/stadtkarten-zu-mobilitaetskonzepten\\\/#primaryimage\"},\"thumbnailUrl\":\"https:\\\/\\\/lukasboehm.de\\\/wp-content\\\/uploads\\\/2021\\\/09\\\/KarteWorms.jpg\",\"articleSection\":[\"Auftr\u00e4ge\"],\"inLanguage\":\"en-GB\",\"potentialAction\":[{\"@type\":\"CommentAction\",\"name\":\"Comment\",\"target\":[\"https:\\\/\\\/lukasboehm.de\\\/en\\\/stadtkarten-zu-mobilitaetskonzepten\\\/#respond\"]}]},{\"@type\":\"WebPage\",\"@id\":\"https:\\\/\\\/lukasboehm.de\\\/en\\\/stadtkarten-zu-mobilitaetskonzepten\\\/\",\"url\":\"https:\\\/\\\/lukasboehm.de\\\/en\\\/stadtkarten-zu-mobilitaetskonzepten\\\/\",\"name\":\"Stadtkarten zu Mobilit\u00e4tskonzepten - Lukas B\u00f6hm\",\"isPartOf\":{\"@id\":\"https:\\\/\\\/lukasboehm.de\\\/#website\"},\"primaryImageOfPage\":{\"@id\":\"https:\\\/\\\/lukasboehm.de\\\/en\\\/stadtkarten-zu-mobilitaetskonzepten\\\/#primaryimage\"},\"image\":{\"@id\":\"https:\\\/\\\/lukasboehm.de\\\/en\\\/stadtkarten-zu-mobilitaetskonzepten\\\/#primaryimage\"},\"thumbnailUrl\":\"https:\\\/\\\/lukasboehm.de\\\/wp-content\\\/uploads\\\/2021\\\/09\\\/KarteWorms.jpg\",\"datePublished\":\"2021-09-24T16:52:52+00:00\",\"dateModified\":\"2021-10-01T11:38:00+00:00\",\"breadcrumb\":{\"@id\":\"https:\\\/\\\/lukasboehm.de\\\/en\\\/stadtkarten-zu-mobilitaetskonzepten\\\/#breadcrumb\"},\"inLanguage\":\"en-GB\",\"potentialAction\":[{\"@type\":\"ReadAction\",\"target\":[\"https:\\\/\\\/lukasboehm.de\\\/en\\\/stadtkarten-zu-mobilitaetskonzepten\\\/\"]}]},{\"@type\":\"ImageObject\",\"inLanguage\":\"en-GB\",\"@id\":\"https:\\\/\\\/lukasboehm.de\\\/en\\\/stadtkarten-zu-mobilitaetskonzepten\\\/#primaryimage\",\"url\":\"https:\\\/\\\/lukasboehm.de\\\/wp-content\\\/uploads\\\/2021\\\/09\\\/KarteWorms.jpg\",\"contentUrl\":\"https:\\\/\\\/lukasboehm.de\\\/wp-content\\\/uploads\\\/2021\\\/09\\\/KarteWorms.jpg\",\"width\":1200,\"height\":855},{\"@type\":\"BreadcrumbList\",\"@id\":\"https:\\\/\\\/lukasboehm.de\\\/en\\\/stadtkarten-zu-mobilitaetskonzepten\\\/#breadcrumb\",\"itemListElement\":[{\"@type\":\"ListItem\",\"position\":1,\"name\":\"Startseite\",\"item\":\"https:\\\/\\\/lukasboehm.de\\\/\"},{\"@type\":\"ListItem\",\"position\":2,\"name\":\"Stadtkarten zu Mobilit\u00e4tskonzepten\"}]},{\"@type\":\"WebSite\",\"@id\":\"https:\\\/\\\/lukasboehm.de\\\/#website\",\"url\":\"https:\\\/\\\/lukasboehm.de\\\/\",\"name\":\"Lukas B\u00f6hm\",\"description\":\"Fine Art\",\"publisher\":{\"@id\":\"https:\\\/\\\/lukasboehm.de\\\/#\\\/schema\\\/person\\\/249f1dfe921297f82fe6f0f42c777fe1\"},\"potentialAction\":[{\"@type\":\"SearchAction\",\"target\":{\"@type\":\"EntryPoint\",\"urlTemplate\":\"https:\\\/\\\/lukasboehm.de\\\/?s={search_term_string}\"},\"query-input\":{\"@type\":\"PropertyValueSpecification\",\"valueRequired\":true,\"valueName\":\"search_term_string\"}}],\"inLanguage\":\"en-GB\"},{\"@type\":[\"Person\",\"Organization\"],\"@id\":\"https:\\\/\\\/lukasboehm.de\\\/#\\\/schema\\\/person\\\/249f1dfe921297f82fe6f0f42c777fe1\",\"name\":\"lukas\",\"image\":{\"@type\":\"ImageObject\",\"inLanguage\":\"en-GB\",\"@id\":\"https:\\\/\\\/lukasboehm.de\\\/wp-content\\\/uploads\\\/2023\\\/04\\\/logoLukas.jpg\",\"url\":\"https:\\\/\\\/lukasboehm.de\\\/wp-content\\\/uploads\\\/2023\\\/04\\\/logoLukas.jpg\",\"contentUrl\":\"https:\\\/\\\/lukasboehm.de\\\/wp-content\\\/uploads\\\/2023\\\/04\\\/logoLukas.jpg\",\"width\":800,\"height\":800,\"caption\":\"lukas\"},\"logo\":{\"@id\":\"https:\\\/\\\/lukasboehm.de\\\/wp-content\\\/uploads\\\/2023\\\/04\\\/logoLukas.jpg\"},\"sameAs\":[\"http:\\\/\\\/lukasboehm.de\"],\"url\":\"https:\\\/\\\/lukasboehm.de\\\/en\\\/author\\\/lukas\\\/\"}]}<\/script>\n<!-- \/ Yoast SEO plugin. -->","yoast_head_json":{"title":"Stadtkarten zu Mobilit\u00e4tskonzepten - Lukas B\u00f6hm","robots":{"index":"index","follow":"follow","max-snippet":"max-snippet:-1","max-image-preview":"max-image-preview:large","max-video-preview":"max-video-preview:-1"},"canonical":"https:\/\/lukasboehm.de\/en\/stadtkarten-zu-mobilitaetskonzepten\/","og_locale":"en_GB","og_type":"article","og_title":"Stadtkarten zu Mobilit\u00e4tskonzepten - Lukas B\u00f6hm","og_description":"Die Stadtkarten wurden f\u00fcr verschiedene Wahlkampfveranstaltungen genutzt. Die Texte waren gr\u00f6\u00dftenteils vorgegeben, ich habe nur stilistische Anpassungen vorgenommen. Die Grafiken habe ich als Vektorgrafiken erstellt, damit so viel Inhalt auf [&hellip;]","og_url":"https:\/\/lukasboehm.de\/en\/stadtkarten-zu-mobilitaetskonzepten\/","og_site_name":"Lukas B\u00f6hm","article_published_time":"2021-09-24T16:52:52+00:00","article_modified_time":"2021-10-01T11:38:00+00:00","og_image":[{"width":1200,"height":855,"url":"https:\/\/lukasboehm.de\/wp-content\/uploads\/2021\/09\/KarteWorms.jpg","type":"image\/jpeg"}],"author":"lukas","twitter_card":"summary_large_image","twitter_misc":{"Written by":"lukas"},"schema":{"@context":"https:\/\/schema.org","@graph":[{"@type":"Article","@id":"https:\/\/lukasboehm.de\/en\/stadtkarten-zu-mobilitaetskonzepten\/#article","isPartOf":{"@id":"https:\/\/lukasboehm.de\/en\/stadtkarten-zu-mobilitaetskonzepten\/"},"author":{"name":"lukas","@id":"https:\/\/lukasboehm.de\/#\/schema\/person\/249f1dfe921297f82fe6f0f42c777fe1"},"headline":"Stadtkarten zu Mobilit\u00e4tskonzepten","datePublished":"2021-09-24T16:52:52+00:00","dateModified":"2021-10-01T11:38:00+00:00","mainEntityOfPage":{"@id":"https:\/\/lukasboehm.de\/en\/stadtkarten-zu-mobilitaetskonzepten\/"},"wordCount":51,"commentCount":0,"publisher":{"@id":"https:\/\/lukasboehm.de\/#\/schema\/person\/249f1dfe921297f82fe6f0f42c777fe1"},"image":{"@id":"https:\/\/lukasboehm.de\/en\/stadtkarten-zu-mobilitaetskonzepten\/#primaryimage"},"thumbnailUrl":"https:\/\/lukasboehm.de\/wp-content\/uploads\/2021\/09\/KarteWorms.jpg","articleSection":["Auftr\u00e4ge"],"inLanguage":"en-GB","potentialAction":[{"@type":"CommentAction","name":"Comment","target":["https:\/\/lukasboehm.de\/en\/stadtkarten-zu-mobilitaetskonzepten\/#respond"]}]},{"@type":"WebPage","@id":"https:\/\/lukasboehm.de\/en\/stadtkarten-zu-mobilitaetskonzepten\/","url":"https:\/\/lukasboehm.de\/en\/stadtkarten-zu-mobilitaetskonzepten\/","name":"Stadtkarten zu Mobilit\u00e4tskonzepten - Lukas B\u00f6hm","isPartOf":{"@id":"https:\/\/lukasboehm.de\/#website"},"primaryImageOfPage":{"@id":"https:\/\/lukasboehm.de\/en\/stadtkarten-zu-mobilitaetskonzepten\/#primaryimage"},"image":{"@id":"https:\/\/lukasboehm.de\/en\/stadtkarten-zu-mobilitaetskonzepten\/#primaryimage"},"thumbnailUrl":"https:\/\/lukasboehm.de\/wp-content\/uploads\/2021\/09\/KarteWorms.jpg","datePublished":"2021-09-24T16:52:52+00:00","dateModified":"2021-10-01T11:38:00+00:00","breadcrumb":{"@id":"https:\/\/lukasboehm.de\/en\/stadtkarten-zu-mobilitaetskonzepten\/#breadcrumb"},"inLanguage":"en-GB","potentialAction":[{"@type":"ReadAction","target":["https:\/\/lukasboehm.de\/en\/stadtkarten-zu-mobilitaetskonzepten\/"]}]},{"@type":"ImageObject","inLanguage":"en-GB","@id":"https:\/\/lukasboehm.de\/en\/stadtkarten-zu-mobilitaetskonzepten\/#primaryimage","url":"https:\/\/lukasboehm.de\/wp-content\/uploads\/2021\/09\/KarteWorms.jpg","contentUrl":"https:\/\/lukasboehm.de\/wp-content\/uploads\/2021\/09\/KarteWorms.jpg","width":1200,"height":855},{"@type":"BreadcrumbList","@id":"https:\/\/lukasboehm.de\/en\/stadtkarten-zu-mobilitaetskonzepten\/#breadcrumb","itemListElement":[{"@type":"ListItem","position":1,"name":"Startseite","item":"https:\/\/lukasboehm.de\/"},{"@type":"ListItem","position":2,"name":"Stadtkarten zu Mobilit\u00e4tskonzepten"}]},{"@type":"WebSite","@id":"https:\/\/lukasboehm.de\/#website","url":"https:\/\/lukasboehm.de\/","name":"Lukas B\u00f6hm","description":"Fine Art","publisher":{"@id":"https:\/\/lukasboehm.de\/#\/schema\/person\/249f1dfe921297f82fe6f0f42c777fe1"},"potentialAction":[{"@type":"SearchAction","target":{"@type":"EntryPoint","urlTemplate":"https:\/\/lukasboehm.de\/?s={search_term_string}"},"query-input":{"@type":"PropertyValueSpecification","valueRequired":true,"valueName":"search_term_string"}}],"inLanguage":"en-GB"},{"@type":["Person","Organization"],"@id":"https:\/\/lukasboehm.de\/#\/schema\/person\/249f1dfe921297f82fe6f0f42c777fe1","name":"lukas","image":{"@type":"ImageObject","inLanguage":"en-GB","@id":"https:\/\/lukasboehm.de\/wp-content\/uploads\/2023\/04\/logoLukas.jpg","url":"https:\/\/lukasboehm.de\/wp-content\/uploads\/2023\/04\/logoLukas.jpg","contentUrl":"https:\/\/lukasboehm.de\/wp-content\/uploads\/2023\/04\/logoLukas.jpg","width":800,"height":800,"caption":"lukas"},"logo":{"@id":"https:\/\/lukasboehm.de\/wp-content\/uploads\/2023\/04\/logoLukas.jpg"},"sameAs":["http:\/\/lukasboehm.de"],"url":"https:\/\/lukasboehm.de\/en\/author\/lukas\/"}]}},"_links":{"self":[{"href":"https:\/\/lukasboehm.de\/en\/wp-json\/wp\/v2\/posts\/907","targetHints":{"allow":["GET"]}}],"collection":[{"href":"https:\/\/lukasboehm.de\/en\/wp-json\/wp\/v2\/posts"}],"about":[{"href":"https:\/\/lukasboehm.de\/en\/wp-json\/wp\/v2\/types\/post"}],"author":[{"embeddable":true,"href":"https:\/\/lukasboehm.de\/en\/wp-json\/wp\/v2\/users\/1"}],"replies":[{"embeddable":true,"href":"https:\/\/lukasboehm.de\/en\/wp-json\/wp\/v2\/comments?post=907"}],"version-history":[{"count":7,"href":"https:\/\/lukasboehm.de\/en\/wp-json\/wp\/v2\/posts\/907\/revisions"}],"predecessor-version":[{"id":1053,"href":"https:\/\/lukasboehm.de\/en\/wp-json\/wp\/v2\/posts\/907\/revisions\/1053"}],"wp:featuredmedia":[{"embeddable":true,"href":"https:\/\/lukasboehm.de\/en\/wp-json\/wp\/v2\/media\/909"}],"wp:attachment":[{"href":"https:\/\/lukasboehm.de\/en\/wp-json\/wp\/v2\/media?parent=907"}],"wp:term":[{"taxonomy":"category","embeddable":true,"href":"https:\/\/lukasboehm.de\/en\/wp-json\/wp\/v2\/categories?post=907"},{"taxonomy":"post_tag","embeddable":true,"href":"https:\/\/lukasboehm.de\/en\/wp-json\/wp\/v2\/tags?post=907"}],"curies":[{"name":"wp","href":"https:\/\/api.w.org\/{rel}","templated":true}]}}